{"id":6939,"date":"2021-06-02T12:56:32","date_gmt":"2021-06-02T10:56:32","guid":{"rendered":"https:\/\/blog.febi.com\/?p=6939"},"modified":"2021-06-02T12:58:10","modified_gmt":"2021-06-02T10:58:10","slug":"obozavaoci-su-oni-koji-prave-atmosferu-intervju-sa-stefi-halm-prvi-deo","status":"publish","type":"post","link":"https:\/\/blog.febi.com\/sr\/obozavaoci-su-oni-koji-prave-atmosferu-intervju-sa-stefi-halm-prvi-deo\/","title":{"rendered":"&#8220;Obo\u017eavaoci su ti koji prave atmosferu&#8220; &#8211; intervju sa \u0160tefi Halm &#8211; prvi deo"},"content":{"rendered":"\n<p class=\"wp-block-paragraph\"> 2020. godine mogle su se odr\u017eati samo dve trke kamiona. Neobi\u010dna situacija za \u0160tefi Halm i tim koji je sponzorisao febi, Schwabentruck. U prvom delu na\u0161eg intervjua, \u0160tefi se osvr\u0107e na ovu posebnu godinu i obja\u0161njava za\u0161to joj posebno nedostaju obo\u017eavaoci.<\/p>\n\n\n\n<p class=\"wp-block-paragraph\"> <strong>2020. bila je apsolutno izvanredna. Kako ste li\u010dno do\u017eiveli pro\u0161lu godinu? <\/strong><\/p>\n\n\n\n<p class=\"wp-block-paragraph\"> <strong>\u0160tefi Halm:<\/strong> 2020. bila je neverovatno te\u0161ka godina. Zbog stalnih ograni\u010denja zbog pandemije, \u010ditav \u017eivot svih bio je potpuno preokrenut. Nema moto sporta, \u0161kolovanja u ku\u0107i i ku\u0107ne kancelarije, nema sastanaka sa prijateljima i porodicom, nema koncerata, zabava ili drugih doga\u0111aja. <\/p>\n\n\n\n<p class=\"wp-block-paragraph\"><strong> Zbog Corone je otkazana gotovo \u010ditava sezona trka kamiona. \u0160ta Vam je najvi\u0161e nedostajalo: trke, atmosfera na stazama, obo\u017eavaoci? <\/strong><\/p>\n\n\n\n<p class=\"wp-block-paragraph\"><strong> \u0160tefi<\/strong>: Ne mogu zaista da ka\u017eem \u0161ta mi je najvi\u0161e nedostajalo. Naravno da idemo na trke da bismo se tamo trkali. Ali obo\u017eavaoci \u010dine atmosferu. Dve trke odr\u017eane pro\u0161le godine odr\u017eane su bez ili sa malo gledalaca, a to je bilo vrlo neobi\u010dno tiho i turobno za nas voza\u010de. Tako da se zaista nadam da \u0107emo ove sezone ponovo mo\u0107i puno da se trkamo i &#8211; tamo gde je to mogu\u0107e &#8211; sa na\u0161im navija\u010dima na licu mesta! <\/p>\n\n\n\n<p class=\"wp-block-paragraph\"><strong> Da li ste imali razumevanja za otkazivanja? <\/strong><\/p>\n\n\n\n<p class=\"wp-block-paragraph\"><strong> \u0160tefi:<\/strong> Naravno da bih mogla da razumem otkazivanja, iako bih vi\u0161e volela da vozim. Ali pro\u0161le godine jednostavno nije bilo alternative otkazivanju zbog zaraze koja je tada bila veoma rasprostranjena. Retrospektivno je to bila i jedina razumna odluka. <\/p>\n\n\n\n<blockquote class=\"wp-block-quote is-layout-flow wp-block-quote-is-layout-flow\"><p> ZAISTA SE NADAM DA \u0106EMO SE OVE SEZONE PONOVO TRKATI PUNO I &#8211; GDE JE MOGU\u0106E &#8211; SA NA\u0160IM OBO\u017dAVAOCIMA NA LICU MESTA! <\/p><\/blockquote>\n\n\n\n<p class=\"wp-block-paragraph\"> <strong>Barem dve trke su ipak bile odr\u017eane. Kakva je bila atmosfera u Mostu i na Hungaroringu? <\/strong><\/p>\n\n\n\n<p class=\"wp-block-paragraph\"> <strong>\u0160tefi:<\/strong>Atmosfera u Mostu je bila dobra. Svi smo bili neverovatno sre\u0107ni \u0161to je sezona ipak kona\u010dno mogla da po\u010dne i \u0161to ponovo mo\u017eemo da se trkamo. Na\u017ealost, samo nekoliko gledalaca je bilo dozvoljeno na licu mesta. Tribine su bile potpuno zatvorene za gledaoce. U Ma\u0111arskoj je raspolo\u017eenje bilo malo sumornije. Nisu sve ekipe mogle da putuju u Ma\u0111arsku zbog klasifikacije kao rizi\u010dnog podru\u010dja i bilo je jasno da \u0107e ovo biti na\u0161a poslednja trka u sezoni i da 2020. ne\u0107e biti \u0161ampionata i \u0161ampiona. <\/p>\n\n\n\n<p class=\"wp-block-paragraph\"><strong> Da li ste mogli da se koncentri\u0161ete u potpunosti na trke ili je opasnost od mogu\u0107eg zara\u017eavanja preovladavala? <\/strong><\/p>\n\n\n\n<p class=\"wp-block-paragraph\"> <strong>\u0160tefi: <\/strong>Mogla sam da se u potpunosti koncentri\u0161em na trke. Zbog obaveznog testiranja i maski, kao i higijenskog koncepta u celini i \u010dinjenice da su tribine bile zatvorene za gledaoce i navija\u010de, nijednog trenutka se nisam pla\u0161ila da se zarazim. <\/p>\n\n\n\n<p class=\"wp-block-paragraph\"><strong> Na kraju ste imali nekompletnu sezonu i zavr\u0161ili na 5. mestu. Da li je bilo pozitivnih iskustava u pogledu trka kamiona pro\u0161le godine? <\/strong><\/p>\n\n\n\n<p class=\"wp-block-paragraph\"><strong>\u0160tefi<\/strong>:  Dve trke koje su se odr\u017eale pro\u0161le godine su meni li\u010dno pomogle, posebno po ki\u0161i. U Mostu smo imali vrlo te\u0161ke uslove po mokrom terenu; ali ose\u0107ala sam se veoma prijatno u kamionu. Ina\u010de, rezultati na oba doga\u0111aja nisu bili onakvi kakve sam o\u010dekivala i nadam se da \u0107e sezona 2021 za mene po\u010deti uspe\u0161nije! <\/p>\n\n\n\n<p class=\"wp-block-paragraph\"><strong> Kako funkcioni\u0161e tim, kad se mo\u017eete sastati samo na daljinu? <\/strong><\/p>\n\n\n\n<p class=\"wp-block-paragraph\"><strong>\u0160tefi: <\/strong>Povezanost u timu je i dalje odli\u010dna. Svi poku\u0161avaju da najbolje iskoriste situaciju i nestrpljivi su da trke kamiona kona\u010dno krenu ponovo. <\/p>\n<div class=\"shariff shariff-align-left shariff-widget-align-left\"><ul class=\"shariff-buttons theme-default orientation-horizontal buttonsize-medium\"><li class=\"shariff-button facebook shariff-nocustomcolor\" style=\"background-color:#4273c8\"><a href=\"https:\/\/www.facebook.com\/sharer\/sharer.php?u=https%3A%2F%2Fblog.febi.com%2Fsr%2Fobozavaoci-su-oni-koji-prave-atmosferu-intervju-sa-stefi-halm-prvi-deo%2F\" title=\"Bei Facebook teilen\" aria-label=\"Bei Facebook teilen\" role=\"button\" rel=\"nofollow\" class=\"shariff-link\" style=\"; background-color:#3b5998; color:#fff\" target=\"_blank\"><span class=\"shariff-icon\" style=\"\"><svg width=\"32px\" height=\"20px\" xmlns=\"http:\/\/www.w3.org\/2000\/svg\" viewBox=\"0 0 18 32\"><path fill=\"#3b5998\" d=\"M17.1 0.2v4.7h-2.8q-1.5 0-2.1 0.6t-0.5 1.9v3.4h5.2l-0.7 5.3h-4.5v13.6h-5.5v-13.6h-4.5v-5.3h4.5v-3.9q0-3.3 1.9-5.2t5-1.8q2.6 0 4.1 0.2z\"\/><\/svg><\/span><span class=\"shariff-text\">teilen<\/span>&nbsp;<\/a><\/li><li class=\"shariff-button twitter shariff-nocustomcolor\" style=\"background-color:#595959\"><a href=\"https:\/\/twitter.com\/share?url=https%3A%2F%2Fblog.febi.com%2Fsr%2Fobozavaoci-su-oni-koji-prave-atmosferu-intervju-sa-stefi-halm-prvi-deo%2F&text=%E2%80%9CObo%C5%BEavaoci%20su%20ti%20koji%20prave%20atmosferu%E2%80%9C%20%E2%80%93%20intervju%20sa%20%C5%A0tefi%20Halm%20%E2%80%93%20prvi%20deo\" title=\"Bei X teilen\" aria-label=\"Bei X teilen\" role=\"button\" rel=\"noopener nofollow\" class=\"shariff-link\" style=\"; background-color:#000; color:#fff\" target=\"_blank\"><span class=\"shariff-icon\" style=\"\"><svg width=\"32px\" height=\"20px\" xmlns=\"http:\/\/www.w3.org\/2000\/svg\" viewBox=\"0 0 24 24\"><path fill=\"#000\" d=\"M14.258 10.152L23.176 0h-2.113l-7.747 8.813L7.133 0H0l9.352 13.328L0 23.973h2.113l8.176-9.309 6.531 9.309h7.133zm-2.895 3.293l-.949-1.328L2.875 1.56h3.246l6.086 8.523.945 1.328 7.91 11.078h-3.246zm0 0\"\/><\/svg><\/span><span class=\"shariff-text\">teilen<\/span>&nbsp;<\/a><\/li><li class=\"shariff-button linkedin shariff-nocustomcolor\" style=\"background-color:#1488bf\"><a href=\"https:\/\/www.linkedin.com\/sharing\/share-offsite\/?url=https%3A%2F%2Fblog.febi.com%2Fsr%2Fobozavaoci-su-oni-koji-prave-atmosferu-intervju-sa-stefi-halm-prvi-deo%2F\" title=\"Bei LinkedIn teilen\" aria-label=\"Bei LinkedIn teilen\" role=\"button\" rel=\"noopener nofollow\" class=\"shariff-link\" style=\"; background-color:#0077b5; color:#fff\" target=\"_blank\"><span class=\"shariff-icon\" style=\"\"><svg width=\"32px\" height=\"20px\" xmlns=\"http:\/\/www.w3.org\/2000\/svg\" viewBox=\"0 0 27 32\"><path fill=\"#0077b5\" d=\"M6.2 11.2v17.7h-5.9v-17.7h5.9zM6.6 5.7q0 1.3-0.9 2.2t-2.4 0.9h0q-1.5 0-2.4-0.9t-0.9-2.2 0.9-2.2 2.4-0.9 2.4 0.9 0.9 2.2zM27.4 18.7v10.1h-5.9v-9.5q0-1.9-0.7-2.9t-2.3-1.1q-1.1 0-1.9 0.6t-1.2 1.5q-0.2 0.5-0.2 1.4v9.9h-5.9q0-7.1 0-11.6t0-5.3l0-0.9h5.9v2.6h0q0.4-0.6 0.7-1t1-0.9 1.6-0.8 2-0.3q3 0 4.9 2t1.9 6z\"\/><\/svg><\/span><span class=\"shariff-text\">teilen<\/span>&nbsp;<\/a><\/li><li class=\"shariff-button mailto shariff-nocustomcolor\" style=\"background-color:#a8a8a8\"><a href=\"mailto:?body=https%3A%2F%2Fblog.febi.com%2Fsr%2Fobozavaoci-su-oni-koji-prave-atmosferu-intervju-sa-stefi-halm-prvi-deo%2F&subject=%E2%80%9CObo%C5%BEavaoci%20su%20ti%20koji%20prave%20atmosferu%E2%80%9C%20%E2%80%93%20intervju%20sa%20%C5%A0tefi%20Halm%20%E2%80%93%20prvi%20deo\" title=\"Per E-Mail versenden\" aria-label=\"Per E-Mail versenden\" role=\"button\" rel=\"noopener nofollow\" class=\"shariff-link\" style=\"; background-color:#999; color:#fff\"><span class=\"shariff-icon\" style=\"\"><svg width=\"32px\" height=\"20px\" xmlns=\"http:\/\/www.w3.org\/2000\/svg\" viewBox=\"0 0 32 32\"><path fill=\"#999\" d=\"M32 12.7v14.2q0 1.2-0.8 2t-2 0.9h-26.3q-1.2 0-2-0.9t-0.8-2v-14.2q0.8 0.9 1.8 1.6 6.5 4.4 8.9 6.1 1 0.8 1.6 1.2t1.7 0.9 2 0.4h0.1q0.9 0 2-0.4t1.7-0.9 1.6-1.2q3-2.2 8.9-6.1 1-0.7 1.8-1.6zM32 7.4q0 1.4-0.9 2.7t-2.2 2.2q-6.7 4.7-8.4 5.8-0.2 0.1-0.7 0.5t-1 0.7-0.9 0.6-1.1 0.5-0.9 0.2h-0.1q-0.4 0-0.9-0.2t-1.1-0.5-0.9-0.6-1-0.7-0.7-0.5q-1.6-1.1-4.7-3.2t-3.6-2.6q-1.1-0.7-2.1-2t-1-2.5q0-1.4 0.7-2.3t2.1-0.9h26.3q1.2 0 2 0.8t0.9 2z\"\/><\/svg><\/span><span class=\"shariff-text\">E-Mail<\/span>&nbsp;<\/a><\/li><li class=\"shariff-button printer shariff-nocustomcolor\" style=\"background-color:#a8a8a8\"><a href=\"javascript:window.print()\" title=\"drucken\" aria-label=\"drucken\" role=\"button\" rel=\"noopener nofollow\" class=\"shariff-link\" style=\"; background-color:#999; color:#fff\"><span class=\"shariff-icon\" style=\"\"><svg width=\"32px\" height=\"20px\" xmlns=\"http:\/\/www.w3.org\/2000\/svg\" viewBox=\"0 0 30 32\"><path fill=\"#999\" d=\"M6.8 27.4h16v-4.6h-16v4.6zM6.8 16h16v-6.8h-2.8q-0.7 0-1.2-0.5t-0.5-1.2v-2.8h-11.4v11.4zM27.4 17.2q0-0.5-0.3-0.8t-0.8-0.4-0.8 0.4-0.3 0.8 0.3 0.8 0.8 0.3 0.8-0.3 0.3-0.8zM29.7 17.2v7.4q0 0.2-0.2 0.4t-0.4 0.2h-4v2.8q0 0.7-0.5 1.2t-1.2 0.5h-17.2q-0.7 0-1.2-0.5t-0.5-1.2v-2.8h-4q-0.2 0-0.4-0.2t-0.2-0.4v-7.4q0-1.4 1-2.4t2.4-1h1.2v-9.7q0-0.7 0.5-1.2t1.2-0.5h12q0.7 0 1.6 0.4t1.3 0.8l2.7 2.7q0.5 0.5 0.9 1.4t0.4 1.6v4.6h1.1q1.4 0 2.4 1t1 2.4z\"\/><\/svg><\/span><span class=\"shariff-text\">drucken<\/span>&nbsp;<\/a><\/li><\/ul><\/div>","protected":false},"excerpt":{"rendered":"<p>2020. godine mogle su se odr\u017eati samo dve trke kamiona. Neobi\u010dna situacija za \u0160tefi Halm i tim koji je sponzorisao febi, Schwabentruck. U prvom delu na\u0161eg intervjua, \u0160tefi se osvr\u0107e na ovu posebnu godinu i obja\u0161njava za\u0161to joj posebno nedostaju obo\u017eavaoci. 2020. bila je apsolutno izvanredna. Kako ste li\u010dno do\u017eiveli pro\u0161lu godinu? \u0160tefi Halm: 2020. [&hellip;]<\/p>\n","protected":false},"author":34,"featured_media":6940,"comment_status":"open","ping_status":"open","sticky":false,"template":"","format":"standard","meta":{"footnotes":""},"categories":[556],"tags":[],"class_list":["post-6939","post","type-post","status-publish","format-standard","has-post-thumbnail","category-industrija"],"yoast_head":"<!-- This site is optimized with the Yoast SEO plugin v28.4 - https:\/\/yoast.com\/product\/yoast-seo-wordpress\/ -->\n<title>&#039;&#039;Obo\u017eavaoci su ti koji prave atmosferu&#039;&#039; - intervju sa \u0160tefi Halm - prvi deo - febi Blog<\/title>\n<meta name=\"robots\" content=\"index, follow, max-snippet:-1, max-image-preview:large, max-video-preview:-1\" \/>\n<link rel=\"canonical\" href=\"https:\/\/blog.febi.com\/sr\/obozavaoci-su-oni-koji-prave-atmosferu-intervju-sa-stefi-halm-prvi-deo\/\" \/>\n<meta property=\"og:locale\" content=\"sr_RS\" \/>\n<meta property=\"og:type\" content=\"article\" \/>\n<meta property=\"og:title\" content=\"&#039;&#039;Obo\u017eavaoci su ti koji prave atmosferu&#039;&#039; - intervju sa \u0160tefi Halm - prvi deo - febi Blog\" \/>\n<meta property=\"og:description\" content=\"2020. godine mogle su se odr\u017eati samo dve trke kamiona. Neobi\u010dna situacija za \u0160tefi Halm i tim koji je sponzorisao febi, Schwabentruck. U prvom delu na\u0161eg intervjua, \u0160tefi se osvr\u0107e na ovu posebnu godinu i obja\u0161njava za\u0161to joj posebno nedostaju obo\u017eavaoci. 2020. bila je apsolutno izvanredna. Kako ste li\u010dno do\u017eiveli pro\u0161lu godinu? \u0160tefi Halm: 2020. [&hellip;]\" \/>\n<meta property=\"og:url\" content=\"https:\/\/blog.febi.com\/sr\/obozavaoci-su-oni-koji-prave-atmosferu-intervju-sa-stefi-halm-prvi-deo\/\" \/>\n<meta property=\"og:site_name\" content=\"febi Blog\" \/>\n<meta property=\"article:published_time\" content=\"2021-06-02T10:56:32+00:00\" \/>\n<meta property=\"article:modified_time\" content=\"2021-06-02T10:58:10+00:00\" \/>\n<meta property=\"og:image\" content=\"https:\/\/blog.febi.com\/wp-content\/uploads\/2021\/06\/2.jpg\" \/>\n\t<meta property=\"og:image:width\" content=\"1068\" \/>\n\t<meta property=\"og:image:height\" content=\"712\" \/>\n\t<meta property=\"og:image:type\" content=\"image\/jpeg\" \/>\n<meta name=\"author\" content=\"Ferdinand Bilstein South East Europe\" \/>\n<meta name=\"twitter:card\" content=\"summary_large_image\" \/>\n<meta name=\"twitter:label1\" content=\"\u041d\u0430\u043f\u0438\u0441\u0430\u043d\u043e \u043e\u0434\" \/>\n\t<meta name=\"twitter:data1\" content=\"Ferdinand Bilstein South East Europe\" \/>\n\t<meta name=\"twitter:label2\" content=\"\u041f\u0440\u043e\u0446\u0435\u045a\u0435\u043d\u043e \u0432\u0440\u0435\u043c\u0435 \u0447\u0438\u0442\u0430\u045a\u0430\" \/>\n\t<meta name=\"twitter:data2\" content=\"3 \u043c\u0438\u043d\u0443\u0442\u0430\" \/>\n<script type=\"application\/ld+json\" class=\"yoast-schema-graph\">{\"@context\":\"https:\\\/\\\/schema.org\",\"@graph\":[{\"@type\":\"Article\",\"@id\":\"https:\\\/\\\/blog.febi.com\\\/sr\\\/obozavaoci-su-oni-koji-prave-atmosferu-intervju-sa-stefi-halm-prvi-deo\\\/#article\",\"isPartOf\":{\"@id\":\"https:\\\/\\\/blog.febi.com\\\/sr\\\/obozavaoci-su-oni-koji-prave-atmosferu-intervju-sa-stefi-halm-prvi-deo\\\/\"},\"author\":{\"name\":\"Ferdinand Bilstein South East Europe\",\"@id\":\"https:\\\/\\\/blog.febi.com\\\/#\\\/schema\\\/person\\\/a669ad1376c0a2a928a5757d0d185904\"},\"headline\":\"&#8220;Obo\u017eavaoci su ti koji prave atmosferu&#8220; &#8211; intervju sa \u0160tefi Halm &#8211; prvi deo\",\"datePublished\":\"2021-06-02T10:56:32+00:00\",\"dateModified\":\"2021-06-02T10:58:10+00:00\",\"mainEntityOfPage\":{\"@id\":\"https:\\\/\\\/blog.febi.com\\\/sr\\\/obozavaoci-su-oni-koji-prave-atmosferu-intervju-sa-stefi-halm-prvi-deo\\\/\"},\"wordCount\":609,\"commentCount\":0,\"image\":{\"@id\":\"https:\\\/\\\/blog.febi.com\\\/sr\\\/obozavaoci-su-oni-koji-prave-atmosferu-intervju-sa-stefi-halm-prvi-deo\\\/#primaryimage\"},\"thumbnailUrl\":\"https:\\\/\\\/blog.febi.com\\\/wp-content\\\/uploads\\\/2021\\\/06\\\/2.jpg\",\"articleSection\":[\"Industrija\"],\"inLanguage\":\"sr-RS\"},{\"@type\":\"WebPage\",\"@id\":\"https:\\\/\\\/blog.febi.com\\\/sr\\\/obozavaoci-su-oni-koji-prave-atmosferu-intervju-sa-stefi-halm-prvi-deo\\\/\",\"url\":\"https:\\\/\\\/blog.febi.com\\\/sr\\\/obozavaoci-su-oni-koji-prave-atmosferu-intervju-sa-stefi-halm-prvi-deo\\\/\",\"name\":\"''Obo\u017eavaoci su ti koji prave atmosferu'' - intervju sa \u0160tefi Halm - prvi deo - febi Blog\",\"isPartOf\":{\"@id\":\"https:\\\/\\\/blog.febi.com\\\/#website\"},\"primaryImageOfPage\":{\"@id\":\"https:\\\/\\\/blog.febi.com\\\/sr\\\/obozavaoci-su-oni-koji-prave-atmosferu-intervju-sa-stefi-halm-prvi-deo\\\/#primaryimage\"},\"image\":{\"@id\":\"https:\\\/\\\/blog.febi.com\\\/sr\\\/obozavaoci-su-oni-koji-prave-atmosferu-intervju-sa-stefi-halm-prvi-deo\\\/#primaryimage\"},\"thumbnailUrl\":\"https:\\\/\\\/blog.febi.com\\\/wp-content\\\/uploads\\\/2021\\\/06\\\/2.jpg\",\"datePublished\":\"2021-06-02T10:56:32+00:00\",\"dateModified\":\"2021-06-02T10:58:10+00:00\",\"author\":{\"@id\":\"https:\\\/\\\/blog.febi.com\\\/#\\\/schema\\\/person\\\/a669ad1376c0a2a928a5757d0d185904\"},\"breadcrumb\":{\"@id\":\"https:\\\/\\\/blog.febi.com\\\/sr\\\/obozavaoci-su-oni-koji-prave-atmosferu-intervju-sa-stefi-halm-prvi-deo\\\/#breadcrumb\"},\"inLanguage\":\"sr-RS\",\"potentialAction\":[{\"@type\":\"ReadAction\",\"target\":[\"https:\\\/\\\/blog.febi.com\\\/sr\\\/obozavaoci-su-oni-koji-prave-atmosferu-intervju-sa-stefi-halm-prvi-deo\\\/\"]}]},{\"@type\":\"ImageObject\",\"inLanguage\":\"sr-RS\",\"@id\":\"https:\\\/\\\/blog.febi.com\\\/sr\\\/obozavaoci-su-oni-koji-prave-atmosferu-intervju-sa-stefi-halm-prvi-deo\\\/#primaryimage\",\"url\":\"https:\\\/\\\/blog.febi.com\\\/wp-content\\\/uploads\\\/2021\\\/06\\\/2.jpg\",\"contentUrl\":\"https:\\\/\\\/blog.febi.com\\\/wp-content\\\/uploads\\\/2021\\\/06\\\/2.jpg\",\"width\":1068,\"height\":712},{\"@type\":\"BreadcrumbList\",\"@id\":\"https:\\\/\\\/blog.febi.com\\\/sr\\\/obozavaoci-su-oni-koji-prave-atmosferu-intervju-sa-stefi-halm-prvi-deo\\\/#breadcrumb\",\"itemListElement\":[{\"@type\":\"ListItem\",\"position\":1,\"name\":\"Startseite\",\"item\":\"https:\\\/\\\/blog.febi.com\\\/sr\\\/\"},{\"@type\":\"ListItem\",\"position\":2,\"name\":\"&#8220;Obo\u017eavaoci su ti koji prave atmosferu&#8220; &#8211; intervju sa \u0160tefi Halm &#8211; prvi deo\"}]},{\"@type\":\"WebSite\",\"@id\":\"https:\\\/\\\/blog.febi.com\\\/#website\",\"url\":\"https:\\\/\\\/blog.febi.com\\\/\",\"name\":\"febi Blog\",\"description\":\"\",\"potentialAction\":[{\"@type\":\"SearchAction\",\"target\":{\"@type\":\"EntryPoint\",\"urlTemplate\":\"https:\\\/\\\/blog.febi.com\\\/?s={search_term_string}\"},\"query-input\":{\"@type\":\"PropertyValueSpecification\",\"valueRequired\":true,\"valueName\":\"search_term_string\"}}],\"inLanguage\":\"sr-RS\"},{\"@type\":\"Person\",\"@id\":\"https:\\\/\\\/blog.febi.com\\\/#\\\/schema\\\/person\\\/a669ad1376c0a2a928a5757d0d185904\",\"name\":\"Ferdinand Bilstein South East Europe\",\"url\":\"https:\\\/\\\/blog.febi.com\\\/sr\\\/author\\\/ferdinand-bilstein-south-east-europe\\\/\"}]}<\/script>\n<!-- \/ Yoast SEO plugin. -->","yoast_head_json":{"title":"''Obo\u017eavaoci su ti koji prave atmosferu'' - intervju sa \u0160tefi Halm - prvi deo - febi Blog","robots":{"index":"index","follow":"follow","max-snippet":"max-snippet:-1","max-image-preview":"max-image-preview:large","max-video-preview":"max-video-preview:-1"},"canonical":"https:\/\/blog.febi.com\/sr\/obozavaoci-su-oni-koji-prave-atmosferu-intervju-sa-stefi-halm-prvi-deo\/","og_locale":"sr_RS","og_type":"article","og_title":"''Obo\u017eavaoci su ti koji prave atmosferu'' - intervju sa \u0160tefi Halm - prvi deo - febi Blog","og_description":"2020. godine mogle su se odr\u017eati samo dve trke kamiona. Neobi\u010dna situacija za \u0160tefi Halm i tim koji je sponzorisao febi, Schwabentruck. U prvom delu na\u0161eg intervjua, \u0160tefi se osvr\u0107e na ovu posebnu godinu i obja\u0161njava za\u0161to joj posebno nedostaju obo\u017eavaoci. 2020. bila je apsolutno izvanredna. Kako ste li\u010dno do\u017eiveli pro\u0161lu godinu? \u0160tefi Halm: 2020. [&hellip;]","og_url":"https:\/\/blog.febi.com\/sr\/obozavaoci-su-oni-koji-prave-atmosferu-intervju-sa-stefi-halm-prvi-deo\/","og_site_name":"febi Blog","article_published_time":"2021-06-02T10:56:32+00:00","article_modified_time":"2021-06-02T10:58:10+00:00","og_image":[{"width":1068,"height":712,"url":"https:\/\/blog.febi.com\/wp-content\/uploads\/2021\/06\/2.jpg","type":"image\/jpeg"}],"author":"Ferdinand Bilstein South East Europe","twitter_card":"summary_large_image","twitter_misc":{"\u041d\u0430\u043f\u0438\u0441\u0430\u043d\u043e \u043e\u0434":"Ferdinand Bilstein South East Europe","\u041f\u0440\u043e\u0446\u0435\u045a\u0435\u043d\u043e \u0432\u0440\u0435\u043c\u0435 \u0447\u0438\u0442\u0430\u045a\u0430":"3 \u043c\u0438\u043d\u0443\u0442\u0430"},"schema":{"@context":"https:\/\/schema.org","@graph":[{"@type":"Article","@id":"https:\/\/blog.febi.com\/sr\/obozavaoci-su-oni-koji-prave-atmosferu-intervju-sa-stefi-halm-prvi-deo\/#article","isPartOf":{"@id":"https:\/\/blog.febi.com\/sr\/obozavaoci-su-oni-koji-prave-atmosferu-intervju-sa-stefi-halm-prvi-deo\/"},"author":{"name":"Ferdinand Bilstein South East Europe","@id":"https:\/\/blog.febi.com\/#\/schema\/person\/a669ad1376c0a2a928a5757d0d185904"},"headline":"&#8220;Obo\u017eavaoci su ti koji prave atmosferu&#8220; &#8211; intervju sa \u0160tefi Halm &#8211; prvi deo","datePublished":"2021-06-02T10:56:32+00:00","dateModified":"2021-06-02T10:58:10+00:00","mainEntityOfPage":{"@id":"https:\/\/blog.febi.com\/sr\/obozavaoci-su-oni-koji-prave-atmosferu-intervju-sa-stefi-halm-prvi-deo\/"},"wordCount":609,"commentCount":0,"image":{"@id":"https:\/\/blog.febi.com\/sr\/obozavaoci-su-oni-koji-prave-atmosferu-intervju-sa-stefi-halm-prvi-deo\/#primaryimage"},"thumbnailUrl":"https:\/\/blog.febi.com\/wp-content\/uploads\/2021\/06\/2.jpg","articleSection":["Industrija"],"inLanguage":"sr-RS"},{"@type":"WebPage","@id":"https:\/\/blog.febi.com\/sr\/obozavaoci-su-oni-koji-prave-atmosferu-intervju-sa-stefi-halm-prvi-deo\/","url":"https:\/\/blog.febi.com\/sr\/obozavaoci-su-oni-koji-prave-atmosferu-intervju-sa-stefi-halm-prvi-deo\/","name":"''Obo\u017eavaoci su ti koji prave atmosferu'' - intervju sa \u0160tefi Halm - prvi deo - febi Blog","isPartOf":{"@id":"https:\/\/blog.febi.com\/#website"},"primaryImageOfPage":{"@id":"https:\/\/blog.febi.com\/sr\/obozavaoci-su-oni-koji-prave-atmosferu-intervju-sa-stefi-halm-prvi-deo\/#primaryimage"},"image":{"@id":"https:\/\/blog.febi.com\/sr\/obozavaoci-su-oni-koji-prave-atmosferu-intervju-sa-stefi-halm-prvi-deo\/#primaryimage"},"thumbnailUrl":"https:\/\/blog.febi.com\/wp-content\/uploads\/2021\/06\/2.jpg","datePublished":"2021-06-02T10:56:32+00:00","dateModified":"2021-06-02T10:58:10+00:00","author":{"@id":"https:\/\/blog.febi.com\/#\/schema\/person\/a669ad1376c0a2a928a5757d0d185904"},"breadcrumb":{"@id":"https:\/\/blog.febi.com\/sr\/obozavaoci-su-oni-koji-prave-atmosferu-intervju-sa-stefi-halm-prvi-deo\/#breadcrumb"},"inLanguage":"sr-RS","potentialAction":[{"@type":"ReadAction","target":["https:\/\/blog.febi.com\/sr\/obozavaoci-su-oni-koji-prave-atmosferu-intervju-sa-stefi-halm-prvi-deo\/"]}]},{"@type":"ImageObject","inLanguage":"sr-RS","@id":"https:\/\/blog.febi.com\/sr\/obozavaoci-su-oni-koji-prave-atmosferu-intervju-sa-stefi-halm-prvi-deo\/#primaryimage","url":"https:\/\/blog.febi.com\/wp-content\/uploads\/2021\/06\/2.jpg","contentUrl":"https:\/\/blog.febi.com\/wp-content\/uploads\/2021\/06\/2.jpg","width":1068,"height":712},{"@type":"BreadcrumbList","@id":"https:\/\/blog.febi.com\/sr\/obozavaoci-su-oni-koji-prave-atmosferu-intervju-sa-stefi-halm-prvi-deo\/#breadcrumb","itemListElement":[{"@type":"ListItem","position":1,"name":"Startseite","item":"https:\/\/blog.febi.com\/sr\/"},{"@type":"ListItem","position":2,"name":"&#8220;Obo\u017eavaoci su ti koji prave atmosferu&#8220; &#8211; intervju sa \u0160tefi Halm &#8211; prvi deo"}]},{"@type":"WebSite","@id":"https:\/\/blog.febi.com\/#website","url":"https:\/\/blog.febi.com\/","name":"febi Blog","description":"","potentialAction":[{"@type":"SearchAction","target":{"@type":"EntryPoint","urlTemplate":"https:\/\/blog.febi.com\/?s={search_term_string}"},"query-input":{"@type":"PropertyValueSpecification","valueRequired":true,"valueName":"search_term_string"}}],"inLanguage":"sr-RS"},{"@type":"Person","@id":"https:\/\/blog.febi.com\/#\/schema\/person\/a669ad1376c0a2a928a5757d0d185904","name":"Ferdinand Bilstein South East Europe","url":"https:\/\/blog.febi.com\/sr\/author\/ferdinand-bilstein-south-east-europe\/"}]}},"_links":{"self":[{"href":"https:\/\/blog.febi.com\/sr\/wp-json\/wp\/v2\/posts\/6939","targetHints":{"allow":["GET"]}}],"collection":[{"href":"https:\/\/blog.febi.com\/sr\/wp-json\/wp\/v2\/posts"}],"about":[{"href":"https:\/\/blog.febi.com\/sr\/wp-json\/wp\/v2\/types\/post"}],"author":[{"embeddable":true,"href":"https:\/\/blog.febi.com\/sr\/wp-json\/wp\/v2\/users\/34"}],"replies":[{"embeddable":true,"href":"https:\/\/blog.febi.com\/sr\/wp-json\/wp\/v2\/comments?post=6939"}],"version-history":[{"count":4,"href":"https:\/\/blog.febi.com\/sr\/wp-json\/wp\/v2\/posts\/6939\/revisions"}],"predecessor-version":[{"id":6948,"href":"https:\/\/blog.febi.com\/sr\/wp-json\/wp\/v2\/posts\/6939\/revisions\/6948"}],"wp:featuredmedia":[{"embeddable":true,"href":"https:\/\/blog.febi.com\/sr\/wp-json\/wp\/v2\/media\/6940"}],"wp:attachment":[{"href":"https:\/\/blog.febi.com\/sr\/wp-json\/wp\/v2\/media?parent=6939"}],"wp:term":[{"taxonomy":"category","embeddable":true,"href":"https:\/\/blog.febi.com\/sr\/wp-json\/wp\/v2\/categories?post=6939"},{"taxonomy":"post_tag","embeddable":true,"href":"https:\/\/blog.febi.com\/sr\/wp-json\/wp\/v2\/tags?post=6939"}],"curies":[{"name":"wp","href":"https:\/\/api.w.org\/{rel}","templated":true}]}}