{"id":15546,"date":"2023-05-26T16:29:39","date_gmt":"2023-05-26T14:29:39","guid":{"rendered":"https:\/\/blog.febi.com\/incep-cu-un-camion-complet-diferit-steffi-halm-arunca-o-privire-la-sezonul-2023\/"},"modified":"2023-05-26T16:30:48","modified_gmt":"2023-05-26T14:30:48","slug":"incep-cu-un-camion-complet-diferit-steffi-halm-arunca-o-privire-la-sezonul-2023","status":"publish","type":"post","link":"https:\/\/blog.febi.com\/ro\/incep-cu-un-camion-complet-diferit-steffi-halm-arunca-o-privire-la-sezonul-2023\/","title":{"rendered":"&#8221; \u00cencep cu un camion complet diferit &#8222;: Steffi Halm arunc\u0103 o privire la sezonul 2023"},"content":{"rendered":"<p>Pe 20 Mai este din nou momentul: noul sezon de curse de camioane este chiar dup\u0103 col\u021b, iar <a href=\"https:\/\/www.team-schwaben-truck.com\/\">Team Schwabentruck<\/a> cu talentata \u0219oferi\u021b\u0103 Steffi Halm este gata s\u0103 lupte din nou pentru numeroase locuri pe podium. \u00cen interviul nostru, arunc\u0103m o privire asupra sezonului viitor al Campionatului <a href=\"https:\/\/www.truckracing.de\/truckrace\/de\/news\/index.html\">European de Curse de Camioane FIA<\/a> \u0219i afl\u0103m de la <a href=\"https:\/\/blog.febi.com\/vollgas-mit-der-1-000-ps-frau-febi-sponsert-team-schwabentruck\/\">\u201efemeia de 1.000 CP\u201d<\/a> ce obiective \u0219i-a propus \u0219i cum se preg\u0103te\u0219te pentru cursele viitoare.<\/p>\n<p><strong>Care sunt obiectivele tale pentru Campionatul European de Curse de Camioane din acest an?<\/strong><\/p>\n<p><em>Obiectivul pentru sezonul care vine este s\u0103 fiu \u00een mod constant printre primii 5 \u0219i, la final, s\u0103 \u00eenchei sezonul pe podium.<\/em><\/p>\n<p><strong>De c\u00e2\u021biva ani faci parte din echipa Schwabentruck. Ca echip\u0103, a\u021bi f\u0103cut preg\u0103tiri speciale pentru sezonul care urmeaz\u0103?<\/strong><\/p>\n<p><em>Nu am f\u0103cut nicio preg\u0103tire special\u0103, dar am f\u0103cut totul la fel ca \u00een anii trecu\u021bi. Preg\u0103tirile din trecut \u0219i-au dovedit valoarea, a\u0219a c\u0103 nu a existat niciun motiv s\u0103 schimb\u0103m ceva.<\/em><\/p>\n<p><strong>Cum arat\u0103 programul t\u0103u actual de antrenament?<\/strong><\/p>\n<p><em>Dup\u0103 Pa\u0219te, am fost la Most pentru testul obligatoriu de pre-sezon de 3 zile, unde ne-am preg\u0103tit at\u00e2t eu c\u00e2t \u0219i camionul pentru sezon. Am reu\u0219it s\u0103 ob\u021binem informa\u021bii importante \u0219i s\u0103 ne sim\u021bim bine preg\u0103ti\u021bi pentru \u00eenceputul sezonului la Misano.<\/em><\/p>\n<blockquote><p><em>Preg\u0103tirile din trecut \u0219i-au dovedit valoarea, a\u0219a c\u0103 nu a existat niciun motiv s\u0103 schimb\u0103m ceva.<\/em><\/p><\/blockquote>\n<p><strong>La ce provoc\u0103ri v\u0103 a\u0219tepta\u021bi \u00een 2023?<\/strong><\/p>\n<p><em>Provoc\u0103rile din 2023 sunt de fapt acelea\u0219i ca \u00een 2022. Avem un nucleu foarte puternic de \u0219oferi, unde trebuie s\u0103 dai mereu 150% \u0219i nu \u00ee\u021bi po\u021bi permite gre\u0219eli sau retrageri. Arta \u0219i anul acesta va fi s\u0103 c\u00e2\u0219tigi puncte la fiecare curs\u0103 \u0219i, dac\u0103 este posibil, s\u0103 punctezi bine.<\/em><\/p>\n<p><strong>Care sunt cei mai importan\u021bi factori care determin\u0103 dac\u0103 vei avea succes anul acesta?<\/strong><\/p>\n<p><em>O echip\u0103 func\u021bional\u0103, un camion impecabil din punct de vedere tehnic, f\u0103r\u0103 erori de condus sau accidente, \u00eentotdeauna angajament 100%, timpi buni, tururi rapide \u0219i DISTRAC\u021aIE!<\/em><\/p>\n<p><strong>Exist\u0103 circuite specifice pe care le a\u0219tepta\u021bi \u00een mod deosebit?<\/strong><\/p>\n<p><em>A\u0219tept cu ner\u0103bdare \u00eenceputul sezonului la Misano \u00een fiecare an. \u00cemi place circuitul, aspectul s\u0103u, \u0219i oamenii din loca\u021bie. Cu toate acestea, punctul culminant pentru mine este \u0219i r\u0103m\u00e2ne cursa de acas\u0103 de la N\u00fcrburgring. Fanii \u0219i atmosfera de acolo pur \u0219i simplu nu pot fi \u00eenvinse!<\/em><\/p>\n<figure id=\"attachment_15492\" aria-describedby=\"caption-attachment-15492\" style=\"width: 1556px\" class=\"wp-caption alignnone\"><img loading=\"lazy\" decoding=\"async\" class=\"wp-image-15492 size-full\" src=\"https:\/\/blog.febi.com\/wp-content\/uploads\/2023\/05\/C26R9200.jpg\" alt=\"\" width=\"1556\" height=\"875\" srcset=\"https:\/\/blog.febi.com\/wp-content\/uploads\/2023\/05\/C26R9200.jpg 1556w, https:\/\/blog.febi.com\/wp-content\/uploads\/2023\/05\/C26R9200-300x169.jpg 300w, https:\/\/blog.febi.com\/wp-content\/uploads\/2023\/05\/C26R9200-1024x576.jpg 1024w, https:\/\/blog.febi.com\/wp-content\/uploads\/2023\/05\/C26R9200-768x432.jpg 768w, https:\/\/blog.febi.com\/wp-content\/uploads\/2023\/05\/C26R9200-1536x864.jpg 1536w, https:\/\/blog.febi.com\/wp-content\/uploads\/2023\/05\/C26R9200-696x391.jpg 696w, https:\/\/blog.febi.com\/wp-content\/uploads\/2023\/05\/C26R9200-1068x601.jpg 1068w\" sizes=\"auto, (max-width: 1556px) 100vw, 1556px\" \/><figcaption id=\"caption-attachment-15492\" class=\"wp-caption-text\">Acest camion a \u00eenso\u021bit-o pe Steffi Halm p\u00e2n\u0103 \u00een sezonul trecut. O schimbare semnificativ\u0103 \u00eei a\u0219teapt\u0103 anul acesta.<\/figcaption><\/figure>\n<p><strong>S-au f\u0103cut modific\u0103ri camionului t\u0103u pentru sezonul urm\u0103tor?<\/strong><\/p>\n<p><em>Anul acesta voi \u00eencepe cu un camion complet diferit fa\u021b\u0103 de anii preceden\u021bi. Acest lucru a dus la unele modific\u0103ri pe care am putut s\u0103 le testez pe larg \u00een Most \u0219i cu care m-am sim\u021bit foarte confortabil.<\/em><\/p>\n<p><strong>Ce piese <a href=\"https:\/\/www.febi.com\/\">febi<\/a> sunt folosite la camionul t\u0103u \u0219i cum apreciezi calitatea produselor?<\/strong><\/p>\n<p><em>Folosim piuli\u021be pentru ro\u021bi, discuri de fr\u00e2n\u0103 \u0219i filtre de ap\u0103 de la febi de mul\u021bi ani \u0219i am avut doar experien\u021be bune cu aceste produse. Calitatea \u00eenalt\u0103 \u0219i durabilitatea pieselor ne-au convins de ani de zile.<\/em><\/p>\n<p><strong>Cum contribuie febi la succesul t\u0103u?<\/strong><\/p>\n<p><em>febi este un partener foarte important pentru noi, al c\u0103rui sprijin ne ajut\u0103 s\u0103 particip\u0103m la Campionatul European de Camioane. Sprijinul \u0219i know-how-ul febi au, de asemenea, o contribu\u021bie semnificativ\u0103 la dezvoltarea noastr\u0103 continu\u0103.<\/em><\/p>\n<div class=\"shariff shariff-align-left shariff-widget-align-left\"><ul class=\"shariff-buttons theme-default orientation-horizontal buttonsize-medium\"><li class=\"shariff-button facebook shariff-nocustomcolor\" style=\"background-color:#4273c8\"><a href=\"https:\/\/www.facebook.com\/sharer\/sharer.php?u=https%3A%2F%2Fblog.febi.com%2Fro%2Fincep-cu-un-camion-complet-diferit-steffi-halm-arunca-o-privire-la-sezonul-2023%2F\" title=\"Bei Facebook teilen\" aria-label=\"Bei Facebook teilen\" role=\"button\" rel=\"nofollow\" class=\"shariff-link\" style=\"; background-color:#3b5998; color:#fff\" target=\"_blank\"><span class=\"shariff-icon\" style=\"\"><svg width=\"32px\" height=\"20px\" xmlns=\"http:\/\/www.w3.org\/2000\/svg\" viewBox=\"0 0 18 32\"><path fill=\"#3b5998\" d=\"M17.1 0.2v4.7h-2.8q-1.5 0-2.1 0.6t-0.5 1.9v3.4h5.2l-0.7 5.3h-4.5v13.6h-5.5v-13.6h-4.5v-5.3h4.5v-3.9q0-3.3 1.9-5.2t5-1.8q2.6 0 4.1 0.2z\"\/><\/svg><\/span><span class=\"shariff-text\">teilen<\/span>&nbsp;<\/a><\/li><li class=\"shariff-button twitter shariff-nocustomcolor\" style=\"background-color:#595959\"><a href=\"https:\/\/twitter.com\/share?url=https%3A%2F%2Fblog.febi.com%2Fro%2Fincep-cu-un-camion-complet-diferit-steffi-halm-arunca-o-privire-la-sezonul-2023%2F&text=%E2%80%9D%20%C3%8Encep%20cu%20un%20camion%20complet%20diferit%20%E2%80%9E%3A%20Steffi%20Halm%20arunc%C4%83%20o%20privire%20la%20sezonul%202023\" title=\"Bei X teilen\" aria-label=\"Bei X teilen\" role=\"button\" rel=\"noopener nofollow\" class=\"shariff-link\" style=\"; background-color:#000; color:#fff\" target=\"_blank\"><span class=\"shariff-icon\" style=\"\"><svg width=\"32px\" height=\"20px\" xmlns=\"http:\/\/www.w3.org\/2000\/svg\" viewBox=\"0 0 24 24\"><path fill=\"#000\" d=\"M14.258 10.152L23.176 0h-2.113l-7.747 8.813L7.133 0H0l9.352 13.328L0 23.973h2.113l8.176-9.309 6.531 9.309h7.133zm-2.895 3.293l-.949-1.328L2.875 1.56h3.246l6.086 8.523.945 1.328 7.91 11.078h-3.246zm0 0\"\/><\/svg><\/span><span class=\"shariff-text\">teilen<\/span>&nbsp;<\/a><\/li><li class=\"shariff-button linkedin shariff-nocustomcolor\" style=\"background-color:#1488bf\"><a href=\"https:\/\/www.linkedin.com\/sharing\/share-offsite\/?url=https%3A%2F%2Fblog.febi.com%2Fro%2Fincep-cu-un-camion-complet-diferit-steffi-halm-arunca-o-privire-la-sezonul-2023%2F\" title=\"Bei LinkedIn teilen\" aria-label=\"Bei LinkedIn teilen\" role=\"button\" rel=\"noopener nofollow\" class=\"shariff-link\" style=\"; background-color:#0077b5; color:#fff\" target=\"_blank\"><span class=\"shariff-icon\" style=\"\"><svg width=\"32px\" height=\"20px\" xmlns=\"http:\/\/www.w3.org\/2000\/svg\" viewBox=\"0 0 27 32\"><path fill=\"#0077b5\" d=\"M6.2 11.2v17.7h-5.9v-17.7h5.9zM6.6 5.7q0 1.3-0.9 2.2t-2.4 0.9h0q-1.5 0-2.4-0.9t-0.9-2.2 0.9-2.2 2.4-0.9 2.4 0.9 0.9 2.2zM27.4 18.7v10.1h-5.9v-9.5q0-1.9-0.7-2.9t-2.3-1.1q-1.1 0-1.9 0.6t-1.2 1.5q-0.2 0.5-0.2 1.4v9.9h-5.9q0-7.1 0-11.6t0-5.3l0-0.9h5.9v2.6h0q0.4-0.6 0.7-1t1-0.9 1.6-0.8 2-0.3q3 0 4.9 2t1.9 6z\"\/><\/svg><\/span><span class=\"shariff-text\">teilen<\/span>&nbsp;<\/a><\/li><li class=\"shariff-button mailto shariff-nocustomcolor\" style=\"background-color:#a8a8a8\"><a href=\"mailto:?body=https%3A%2F%2Fblog.febi.com%2Fro%2Fincep-cu-un-camion-complet-diferit-steffi-halm-arunca-o-privire-la-sezonul-2023%2F&subject=%E2%80%9D%20%C3%8Encep%20cu%20un%20camion%20complet%20diferit%20%E2%80%9E%3A%20Steffi%20Halm%20arunc%C4%83%20o%20privire%20la%20sezonul%202023\" title=\"Per E-Mail versenden\" aria-label=\"Per E-Mail versenden\" role=\"button\" rel=\"noopener nofollow\" class=\"shariff-link\" style=\"; background-color:#999; color:#fff\"><span class=\"shariff-icon\" style=\"\"><svg width=\"32px\" height=\"20px\" xmlns=\"http:\/\/www.w3.org\/2000\/svg\" viewBox=\"0 0 32 32\"><path fill=\"#999\" d=\"M32 12.7v14.2q0 1.2-0.8 2t-2 0.9h-26.3q-1.2 0-2-0.9t-0.8-2v-14.2q0.8 0.9 1.8 1.6 6.5 4.4 8.9 6.1 1 0.8 1.6 1.2t1.7 0.9 2 0.4h0.1q0.9 0 2-0.4t1.7-0.9 1.6-1.2q3-2.2 8.9-6.1 1-0.7 1.8-1.6zM32 7.4q0 1.4-0.9 2.7t-2.2 2.2q-6.7 4.7-8.4 5.8-0.2 0.1-0.7 0.5t-1 0.7-0.9 0.6-1.1 0.5-0.9 0.2h-0.1q-0.4 0-0.9-0.2t-1.1-0.5-0.9-0.6-1-0.7-0.7-0.5q-1.6-1.1-4.7-3.2t-3.6-2.6q-1.1-0.7-2.1-2t-1-2.5q0-1.4 0.7-2.3t2.1-0.9h26.3q1.2 0 2 0.8t0.9 2z\"\/><\/svg><\/span><span class=\"shariff-text\">E-Mail<\/span>&nbsp;<\/a><\/li><li class=\"shariff-button printer shariff-nocustomcolor\" style=\"background-color:#a8a8a8\"><a href=\"javascript:window.print()\" title=\"drucken\" aria-label=\"drucken\" role=\"button\" rel=\"noopener nofollow\" class=\"shariff-link\" style=\"; background-color:#999; color:#fff\"><span class=\"shariff-icon\" style=\"\"><svg width=\"32px\" height=\"20px\" xmlns=\"http:\/\/www.w3.org\/2000\/svg\" viewBox=\"0 0 30 32\"><path fill=\"#999\" d=\"M6.8 27.4h16v-4.6h-16v4.6zM6.8 16h16v-6.8h-2.8q-0.7 0-1.2-0.5t-0.5-1.2v-2.8h-11.4v11.4zM27.4 17.2q0-0.5-0.3-0.8t-0.8-0.4-0.8 0.4-0.3 0.8 0.3 0.8 0.8 0.3 0.8-0.3 0.3-0.8zM29.7 17.2v7.4q0 0.2-0.2 0.4t-0.4 0.2h-4v2.8q0 0.7-0.5 1.2t-1.2 0.5h-17.2q-0.7 0-1.2-0.5t-0.5-1.2v-2.8h-4q-0.2 0-0.4-0.2t-0.2-0.4v-7.4q0-1.4 1-2.4t2.4-1h1.2v-9.7q0-0.7 0.5-1.2t1.2-0.5h12q0.7 0 1.6 0.4t1.3 0.8l2.7 2.7q0.5 0.5 0.9 1.4t0.4 1.6v4.6h1.1q1.4 0 2.4 1t1 2.4z\"\/><\/svg><\/span><span class=\"shariff-text\">drucken<\/span>&nbsp;<\/a><\/li><\/ul><\/div>","protected":false},"excerpt":{"rendered":"<p>Pe 20 Mai este din nou momentul: noul sezon de curse de camioane este chiar dup\u0103 col\u021b, iar Team Schwabentruck cu talentata \u0219oferi\u021b\u0103 Steffi Halm este gata s\u0103 lupte din nou pentru numeroase locuri pe podium. \u00cen interviul nostru, arunc\u0103m o privire asupra sezonului viitor al Campionatului European de Curse de Camioane FIA \u0219i afl\u0103m [&hellip;]<\/p>\n","protected":false},"author":40,"featured_media":15487,"comment_status":"closed","ping_status":"closed","sticky":false,"template":"","format":"standard","meta":{"footnotes":""},"categories":[575],"tags":[855,839,856,781,857],"class_list":["post-15546","post","type-post","status-publish","format-standard","has-post-thumbnail","category-companie","tag-febi-ro","tag-lkw-ro","tag-steffi-halm-ro","tag-team-schwabentruck-ro","tag-truck-racing-ro"],"yoast_head":"<!-- This site is optimized with the Yoast SEO plugin v28.4 - https:\/\/yoast.com\/product\/yoast-seo-wordpress\/ -->\n<title>&quot; \u00cencep cu un camion complet diferit &quot;: Steffi Halm arunc\u0103 o privire la sezonul 2023<\/title>\n<meta name=\"description\" content=\"\u00cen interviul nostru cu pilotul Steffi Halm, arunc\u0103m o privire asupra viitorului sezon 2023 al Campionatului European de Curse de Camioane FIA-\" \/>\n<meta name=\"robots\" content=\"index, follow, max-snippet:-1, max-image-preview:large, max-video-preview:-1\" \/>\n<link rel=\"canonical\" href=\"https:\/\/blog.febi.com\/ro\/incep-cu-un-camion-complet-diferit-steffi-halm-arunca-o-privire-la-sezonul-2023\/\" \/>\n<meta property=\"og:locale\" content=\"ro_RO\" \/>\n<meta property=\"og:type\" content=\"article\" \/>\n<meta property=\"og:title\" content=\"&quot; \u00cencep cu un camion complet diferit &quot;: Steffi Halm arunc\u0103 o privire la sezonul 2023\" \/>\n<meta property=\"og:description\" content=\"\u00cen interviul nostru cu pilotul Steffi Halm, arunc\u0103m o privire asupra viitorului sezon 2023 al Campionatului European de Curse de Camioane FIA-\" \/>\n<meta property=\"og:url\" content=\"https:\/\/blog.febi.com\/ro\/incep-cu-un-camion-complet-diferit-steffi-halm-arunca-o-privire-la-sezonul-2023\/\" \/>\n<meta property=\"og:site_name\" content=\"febi Blog\" \/>\n<meta property=\"article:published_time\" content=\"2023-05-26T14:29:39+00:00\" \/>\n<meta property=\"article:modified_time\" content=\"2023-05-26T14:30:48+00:00\" \/>\n<meta property=\"og:image\" content=\"https:\/\/blog.febi.com\/wp-content\/uploads\/2023\/05\/972A3319-scaled.jpg\" \/>\n\t<meta property=\"og:image:width\" content=\"2560\" \/>\n\t<meta property=\"og:image:height\" content=\"1440\" \/>\n\t<meta property=\"og:image:type\" content=\"image\/jpeg\" \/>\n<meta name=\"author\" content=\"Franziska Fiege\" \/>\n<meta name=\"twitter:card\" content=\"summary_large_image\" \/>\n<meta name=\"twitter:label1\" content=\"Scris de\" \/>\n\t<meta name=\"twitter:data1\" content=\"Franziska Fiege\" \/>\n\t<meta name=\"twitter:label2\" content=\"Timp estimat pentru citire\" \/>\n\t<meta name=\"twitter:data2\" content=\"3 minute\" \/>\n<script type=\"application\/ld+json\" class=\"yoast-schema-graph\">{\"@context\":\"https:\\\/\\\/schema.org\",\"@graph\":[{\"@type\":\"Article\",\"@id\":\"https:\\\/\\\/blog.febi.com\\\/ro\\\/incep-cu-un-camion-complet-diferit-steffi-halm-arunca-o-privire-la-sezonul-2023\\\/#article\",\"isPartOf\":{\"@id\":\"https:\\\/\\\/blog.febi.com\\\/ro\\\/incep-cu-un-camion-complet-diferit-steffi-halm-arunca-o-privire-la-sezonul-2023\\\/\"},\"author\":{\"name\":\"Franziska Fiege\",\"@id\":\"https:\\\/\\\/blog.febi.com\\\/#\\\/schema\\\/person\\\/9ca9ec38d9dedf0f42733adb5f86c592\"},\"headline\":\"&#8221; \u00cencep cu un camion complet diferit &#8222;: Steffi Halm arunc\u0103 o privire la sezonul 2023\",\"datePublished\":\"2023-05-26T14:29:39+00:00\",\"dateModified\":\"2023-05-26T14:30:48+00:00\",\"mainEntityOfPage\":{\"@id\":\"https:\\\/\\\/blog.febi.com\\\/ro\\\/incep-cu-un-camion-complet-diferit-steffi-halm-arunca-o-privire-la-sezonul-2023\\\/\"},\"wordCount\":611,\"image\":{\"@id\":\"https:\\\/\\\/blog.febi.com\\\/ro\\\/incep-cu-un-camion-complet-diferit-steffi-halm-arunca-o-privire-la-sezonul-2023\\\/#primaryimage\"},\"thumbnailUrl\":\"https:\\\/\\\/blog.febi.com\\\/wp-content\\\/uploads\\\/2023\\\/05\\\/972A3319-scaled.jpg\",\"keywords\":[\"febi\",\"LKW\",\"Steffi Halm\",\"Team Schwabentruck\",\"Truck Racing\"],\"articleSection\":[\"Companie\"],\"inLanguage\":\"ro-RO\"},{\"@type\":\"WebPage\",\"@id\":\"https:\\\/\\\/blog.febi.com\\\/ro\\\/incep-cu-un-camion-complet-diferit-steffi-halm-arunca-o-privire-la-sezonul-2023\\\/\",\"url\":\"https:\\\/\\\/blog.febi.com\\\/ro\\\/incep-cu-un-camion-complet-diferit-steffi-halm-arunca-o-privire-la-sezonul-2023\\\/\",\"name\":\"\\\" \u00cencep cu un camion complet diferit \\\": Steffi Halm arunc\u0103 o privire la sezonul 2023\",\"isPartOf\":{\"@id\":\"https:\\\/\\\/blog.febi.com\\\/#website\"},\"primaryImageOfPage\":{\"@id\":\"https:\\\/\\\/blog.febi.com\\\/ro\\\/incep-cu-un-camion-complet-diferit-steffi-halm-arunca-o-privire-la-sezonul-2023\\\/#primaryimage\"},\"image\":{\"@id\":\"https:\\\/\\\/blog.febi.com\\\/ro\\\/incep-cu-un-camion-complet-diferit-steffi-halm-arunca-o-privire-la-sezonul-2023\\\/#primaryimage\"},\"thumbnailUrl\":\"https:\\\/\\\/blog.febi.com\\\/wp-content\\\/uploads\\\/2023\\\/05\\\/972A3319-scaled.jpg\",\"datePublished\":\"2023-05-26T14:29:39+00:00\",\"dateModified\":\"2023-05-26T14:30:48+00:00\",\"author\":{\"@id\":\"https:\\\/\\\/blog.febi.com\\\/#\\\/schema\\\/person\\\/9ca9ec38d9dedf0f42733adb5f86c592\"},\"description\":\"\u00cen interviul nostru cu pilotul Steffi Halm, arunc\u0103m o privire asupra viitorului sezon 2023 al Campionatului European de Curse de Camioane FIA-\",\"breadcrumb\":{\"@id\":\"https:\\\/\\\/blog.febi.com\\\/ro\\\/incep-cu-un-camion-complet-diferit-steffi-halm-arunca-o-privire-la-sezonul-2023\\\/#breadcrumb\"},\"inLanguage\":\"ro-RO\",\"potentialAction\":[{\"@type\":\"ReadAction\",\"target\":[\"https:\\\/\\\/blog.febi.com\\\/ro\\\/incep-cu-un-camion-complet-diferit-steffi-halm-arunca-o-privire-la-sezonul-2023\\\/\"]}]},{\"@type\":\"ImageObject\",\"inLanguage\":\"ro-RO\",\"@id\":\"https:\\\/\\\/blog.febi.com\\\/ro\\\/incep-cu-un-camion-complet-diferit-steffi-halm-arunca-o-privire-la-sezonul-2023\\\/#primaryimage\",\"url\":\"https:\\\/\\\/blog.febi.com\\\/wp-content\\\/uploads\\\/2023\\\/05\\\/972A3319-scaled.jpg\",\"contentUrl\":\"https:\\\/\\\/blog.febi.com\\\/wp-content\\\/uploads\\\/2023\\\/05\\\/972A3319-scaled.jpg\",\"width\":2560,\"height\":1440,\"caption\":\"Steffi Halm a\u0219teapt\u0103 cu ner\u0103bdare sezonul de curse de camioane.\"},{\"@type\":\"BreadcrumbList\",\"@id\":\"https:\\\/\\\/blog.febi.com\\\/ro\\\/incep-cu-un-camion-complet-diferit-steffi-halm-arunca-o-privire-la-sezonul-2023\\\/#breadcrumb\",\"itemListElement\":[{\"@type\":\"ListItem\",\"position\":1,\"name\":\"Startseite\",\"item\":\"https:\\\/\\\/blog.febi.com\\\/ro\\\/\"},{\"@type\":\"ListItem\",\"position\":2,\"name\":\"&#8220; \u00cencep cu un camion complet diferit &#8222;: Steffi Halm arunc\u0103 o privire la sezonul 2023\"}]},{\"@type\":\"WebSite\",\"@id\":\"https:\\\/\\\/blog.febi.com\\\/#website\",\"url\":\"https:\\\/\\\/blog.febi.com\\\/\",\"name\":\"febi Blog\",\"description\":\"\",\"potentialAction\":[{\"@type\":\"SearchAction\",\"target\":{\"@type\":\"EntryPoint\",\"urlTemplate\":\"https:\\\/\\\/blog.febi.com\\\/?s={search_term_string}\"},\"query-input\":{\"@type\":\"PropertyValueSpecification\",\"valueRequired\":true,\"valueName\":\"search_term_string\"}}],\"inLanguage\":\"ro-RO\"},{\"@type\":\"Person\",\"@id\":\"https:\\\/\\\/blog.febi.com\\\/#\\\/schema\\\/person\\\/9ca9ec38d9dedf0f42733adb5f86c592\",\"name\":\"Franziska Fiege\",\"url\":\"https:\\\/\\\/blog.febi.com\\\/ro\\\/author\\\/franziska-fiege\\\/\"}]}<\/script>\n<!-- \/ Yoast SEO plugin. -->","yoast_head_json":{"title":"\" \u00cencep cu un camion complet diferit \": Steffi Halm arunc\u0103 o privire la sezonul 2023","description":"\u00cen interviul nostru cu pilotul Steffi Halm, arunc\u0103m o privire asupra viitorului sezon 2023 al Campionatului European de Curse de Camioane FIA-","robots":{"index":"index","follow":"follow","max-snippet":"max-snippet:-1","max-image-preview":"max-image-preview:large","max-video-preview":"max-video-preview:-1"},"canonical":"https:\/\/blog.febi.com\/ro\/incep-cu-un-camion-complet-diferit-steffi-halm-arunca-o-privire-la-sezonul-2023\/","og_locale":"ro_RO","og_type":"article","og_title":"\" \u00cencep cu un camion complet diferit \": Steffi Halm arunc\u0103 o privire la sezonul 2023","og_description":"\u00cen interviul nostru cu pilotul Steffi Halm, arunc\u0103m o privire asupra viitorului sezon 2023 al Campionatului European de Curse de Camioane FIA-","og_url":"https:\/\/blog.febi.com\/ro\/incep-cu-un-camion-complet-diferit-steffi-halm-arunca-o-privire-la-sezonul-2023\/","og_site_name":"febi Blog","article_published_time":"2023-05-26T14:29:39+00:00","article_modified_time":"2023-05-26T14:30:48+00:00","og_image":[{"width":2560,"height":1440,"url":"https:\/\/blog.febi.com\/wp-content\/uploads\/2023\/05\/972A3319-scaled.jpg","type":"image\/jpeg"}],"author":"Franziska Fiege","twitter_card":"summary_large_image","twitter_misc":{"Scris de":"Franziska Fiege","Timp estimat pentru citire":"3 minute"},"schema":{"@context":"https:\/\/schema.org","@graph":[{"@type":"Article","@id":"https:\/\/blog.febi.com\/ro\/incep-cu-un-camion-complet-diferit-steffi-halm-arunca-o-privire-la-sezonul-2023\/#article","isPartOf":{"@id":"https:\/\/blog.febi.com\/ro\/incep-cu-un-camion-complet-diferit-steffi-halm-arunca-o-privire-la-sezonul-2023\/"},"author":{"name":"Franziska Fiege","@id":"https:\/\/blog.febi.com\/#\/schema\/person\/9ca9ec38d9dedf0f42733adb5f86c592"},"headline":"&#8221; \u00cencep cu un camion complet diferit &#8222;: Steffi Halm arunc\u0103 o privire la sezonul 2023","datePublished":"2023-05-26T14:29:39+00:00","dateModified":"2023-05-26T14:30:48+00:00","mainEntityOfPage":{"@id":"https:\/\/blog.febi.com\/ro\/incep-cu-un-camion-complet-diferit-steffi-halm-arunca-o-privire-la-sezonul-2023\/"},"wordCount":611,"image":{"@id":"https:\/\/blog.febi.com\/ro\/incep-cu-un-camion-complet-diferit-steffi-halm-arunca-o-privire-la-sezonul-2023\/#primaryimage"},"thumbnailUrl":"https:\/\/blog.febi.com\/wp-content\/uploads\/2023\/05\/972A3319-scaled.jpg","keywords":["febi","LKW","Steffi Halm","Team Schwabentruck","Truck Racing"],"articleSection":["Companie"],"inLanguage":"ro-RO"},{"@type":"WebPage","@id":"https:\/\/blog.febi.com\/ro\/incep-cu-un-camion-complet-diferit-steffi-halm-arunca-o-privire-la-sezonul-2023\/","url":"https:\/\/blog.febi.com\/ro\/incep-cu-un-camion-complet-diferit-steffi-halm-arunca-o-privire-la-sezonul-2023\/","name":"\" \u00cencep cu un camion complet diferit \": Steffi Halm arunc\u0103 o privire la sezonul 2023","isPartOf":{"@id":"https:\/\/blog.febi.com\/#website"},"primaryImageOfPage":{"@id":"https:\/\/blog.febi.com\/ro\/incep-cu-un-camion-complet-diferit-steffi-halm-arunca-o-privire-la-sezonul-2023\/#primaryimage"},"image":{"@id":"https:\/\/blog.febi.com\/ro\/incep-cu-un-camion-complet-diferit-steffi-halm-arunca-o-privire-la-sezonul-2023\/#primaryimage"},"thumbnailUrl":"https:\/\/blog.febi.com\/wp-content\/uploads\/2023\/05\/972A3319-scaled.jpg","datePublished":"2023-05-26T14:29:39+00:00","dateModified":"2023-05-26T14:30:48+00:00","author":{"@id":"https:\/\/blog.febi.com\/#\/schema\/person\/9ca9ec38d9dedf0f42733adb5f86c592"},"description":"\u00cen interviul nostru cu pilotul Steffi Halm, arunc\u0103m o privire asupra viitorului sezon 2023 al Campionatului European de Curse de Camioane FIA-","breadcrumb":{"@id":"https:\/\/blog.febi.com\/ro\/incep-cu-un-camion-complet-diferit-steffi-halm-arunca-o-privire-la-sezonul-2023\/#breadcrumb"},"inLanguage":"ro-RO","potentialAction":[{"@type":"ReadAction","target":["https:\/\/blog.febi.com\/ro\/incep-cu-un-camion-complet-diferit-steffi-halm-arunca-o-privire-la-sezonul-2023\/"]}]},{"@type":"ImageObject","inLanguage":"ro-RO","@id":"https:\/\/blog.febi.com\/ro\/incep-cu-un-camion-complet-diferit-steffi-halm-arunca-o-privire-la-sezonul-2023\/#primaryimage","url":"https:\/\/blog.febi.com\/wp-content\/uploads\/2023\/05\/972A3319-scaled.jpg","contentUrl":"https:\/\/blog.febi.com\/wp-content\/uploads\/2023\/05\/972A3319-scaled.jpg","width":2560,"height":1440,"caption":"Steffi Halm a\u0219teapt\u0103 cu ner\u0103bdare sezonul de curse de camioane."},{"@type":"BreadcrumbList","@id":"https:\/\/blog.febi.com\/ro\/incep-cu-un-camion-complet-diferit-steffi-halm-arunca-o-privire-la-sezonul-2023\/#breadcrumb","itemListElement":[{"@type":"ListItem","position":1,"name":"Startseite","item":"https:\/\/blog.febi.com\/ro\/"},{"@type":"ListItem","position":2,"name":"&#8220; \u00cencep cu un camion complet diferit &#8222;: Steffi Halm arunc\u0103 o privire la sezonul 2023"}]},{"@type":"WebSite","@id":"https:\/\/blog.febi.com\/#website","url":"https:\/\/blog.febi.com\/","name":"febi Blog","description":"","potentialAction":[{"@type":"SearchAction","target":{"@type":"EntryPoint","urlTemplate":"https:\/\/blog.febi.com\/?s={search_term_string}"},"query-input":{"@type":"PropertyValueSpecification","valueRequired":true,"valueName":"search_term_string"}}],"inLanguage":"ro-RO"},{"@type":"Person","@id":"https:\/\/blog.febi.com\/#\/schema\/person\/9ca9ec38d9dedf0f42733adb5f86c592","name":"Franziska Fiege","url":"https:\/\/blog.febi.com\/ro\/author\/franziska-fiege\/"}]}},"_links":{"self":[{"href":"https:\/\/blog.febi.com\/ro\/wp-json\/wp\/v2\/posts\/15546","targetHints":{"allow":["GET"]}}],"collection":[{"href":"https:\/\/blog.febi.com\/ro\/wp-json\/wp\/v2\/posts"}],"about":[{"href":"https:\/\/blog.febi.com\/ro\/wp-json\/wp\/v2\/types\/post"}],"author":[{"embeddable":true,"href":"https:\/\/blog.febi.com\/ro\/wp-json\/wp\/v2\/users\/40"}],"replies":[{"embeddable":true,"href":"https:\/\/blog.febi.com\/ro\/wp-json\/wp\/v2\/comments?post=15546"}],"version-history":[{"count":2,"href":"https:\/\/blog.febi.com\/ro\/wp-json\/wp\/v2\/posts\/15546\/revisions"}],"predecessor-version":[{"id":15548,"href":"https:\/\/blog.febi.com\/ro\/wp-json\/wp\/v2\/posts\/15546\/revisions\/15548"}],"wp:featuredmedia":[{"embeddable":true,"href":"https:\/\/blog.febi.com\/ro\/wp-json\/wp\/v2\/media\/15487"}],"wp:attachment":[{"href":"https:\/\/blog.febi.com\/ro\/wp-json\/wp\/v2\/media?parent=15546"}],"wp:term":[{"taxonomy":"category","embeddable":true,"href":"https:\/\/blog.febi.com\/ro\/wp-json\/wp\/v2\/categories?post=15546"},{"taxonomy":"post_tag","embeddable":true,"href":"https:\/\/blog.febi.com\/ro\/wp-json\/wp\/v2\/tags?post=15546"}],"curies":[{"name":"wp","href":"https:\/\/api.w.org\/{rel}","templated":true}]}}